{"id":1786,"date":"2025-10-24T16:27:50","date_gmt":"2025-10-24T15:27:50","guid":{"rendered":"https:\/\/cerclecondorcet42.blogs.assoligue.org\/?p=1786"},"modified":"2025-10-24T16:47:49","modified_gmt":"2025-10-24T15:47:49","slug":"cine-debat-dieu-peut-se-defendre-tout-seul-au-cinema-espace-renoir-roanne-6-10","status":"publish","type":"post","link":"https:\/\/cerclecondorcet42.blogs.assoligue.org\/?p=1786","title":{"rendered":"CINE DEBAT \u00ab Dieu peut se d\u00e9fendre tout seul\u00bb au Cin\u00e9ma Espace Renoir &#8211; Roanne 6\/10"},"content":{"rendered":"\n<figure class=\"wp-block-image size-large\"><a href=\"http:\/\/cerclecondorcet42.blogs.assoligue.org\/wp-content\/uploads\/sites\/6\/2025\/10\/dieu-peut-se-defendre-aff-scaled.png\"><img loading=\"lazy\" decoding=\"async\" width=\"724\" height=\"1024\" src=\"http:\/\/cerclecondorcet42.blogs.assoligue.org\/wp-content\/uploads\/sites\/6\/2025\/10\/dieu-peut-se-defendre-aff-724x1024.png\" alt=\"\" class=\"wp-image-1778\" srcset=\"https:\/\/cerclecondorcet42.blogs.assoligue.org\/wp-content\/uploads\/sites\/6\/2025\/10\/dieu-peut-se-defendre-aff-724x1024.png 724w, https:\/\/cerclecondorcet42.blogs.assoligue.org\/wp-content\/uploads\/sites\/6\/2025\/10\/dieu-peut-se-defendre-aff-212x300.png 212w, https:\/\/cerclecondorcet42.blogs.assoligue.org\/wp-content\/uploads\/sites\/6\/2025\/10\/dieu-peut-se-defendre-aff-768x1086.png 768w, https:\/\/cerclecondorcet42.blogs.assoligue.org\/wp-content\/uploads\/sites\/6\/2025\/10\/dieu-peut-se-defendre-aff-1086x1536.png 1086w, https:\/\/cerclecondorcet42.blogs.assoligue.org\/wp-content\/uploads\/sites\/6\/2025\/10\/dieu-peut-se-defendre-aff-1448x2048.png 1448w, https:\/\/cerclecondorcet42.blogs.assoligue.org\/wp-content\/uploads\/sites\/6\/2025\/10\/dieu-peut-se-defendre-aff-624x882.png 624w, https:\/\/cerclecondorcet42.blogs.assoligue.org\/wp-content\/uploads\/sites\/6\/2025\/10\/dieu-peut-se-defendre-aff-scaled.png 1810w\" sizes=\"auto, (max-width: 724px) 100vw, 724px\" \/><\/a><\/figure>\n\n\n\n<p><strong>Pr\u00e9sentation<\/strong><\/p>\n\n\n\n<p>Le film reprend la plaidoirie que Richard Malka livra en 2020 au Tribunal de Paris lors du proc\u00e8s des auteurs de l\u2019attentat contre <em>Charlie Hebdo<\/em> le 7&nbsp;janvier 2015, au cours duquel 12&nbsp;personnes ont \u00e9t\u00e9 assassin\u00e9es.<br>Richard Malka, avocat de la partie civile, se pr\u00e9pare \u00e0 un proc\u00e8s mouvement\u00e9. Au fil de sa plaidoirie, il retrace l\u2019histoire de la libert\u00e9 d\u2019expression, faisant \u00e9cho \u00e0 la mont\u00e9e de l\u2019intol\u00e9rance. Et livre ainsi un manifeste poignant et essentiel pour la libert\u00e9 et la la\u00efcit\u00e9.<br><br><em>Ce documentaire, adapt\u00e9 de l&rsquo;essai de Richard Malka Le Droit d\u2019emmerder Dieu, publi\u00e9 en 2021, interroge sur des th\u00e9matiques universelles et intemporelles. La r\u00e9alisatrice Isabelle Cottenceau explique : \u00ab J\u2019ai voulu faire mon travail de documentariste. Je raconte une histoire r\u00e9elle, utile, importante. Celle du proc\u00e8s des attentats, celle de Charlie Hebdo, de Samuel Paty&#8230; Celle de la libert\u00e9 d\u2019expression et de la la\u00efcit\u00e9 en France, un principe ravi aux si\u00e8cles pr\u00e9c\u00e9dents \u00e0 l\u2019\u00c9glise catholique. Un principe menac\u00e9 aujourd\u2019hui par l\u2019islamisme radical. J\u2019essaye d\u2019apporter du sens et de la raison dans un monde d\u2019imm\u00e9diatet\u00e9 o\u00f9 les fake news et la propagande peuvent l\u2019emporter sur l\u2019information. \u00bb<\/em><\/p>\n\n\n\n<figure class=\"wp-block-embed is-type-video is-provider-youtube wp-block-embed-youtube wp-embed-aspect-16-9 wp-has-aspect-ratio\"><div class=\"wp-block-embed__wrapper\">\n<iframe loading=\"lazy\"  id=\"_ytid_44637\"  width=\"625\" height=\"352\"  data-origwidth=\"625\" data-origheight=\"352\" src=\"https:\/\/www.youtube.com\/embed\/Mu-1p_6t2AM?enablejsapi=1&#038;autoplay=0&#038;cc_load_policy=0&#038;cc_lang_pref=&#038;iv_load_policy=1&#038;loop=0&#038;rel=1&#038;fs=1&#038;playsinline=0&#038;autohide=2&#038;theme=dark&#038;color=red&#038;controls=1&#038;disablekb=0&#038;\" class=\"__youtube_prefs__  epyt-is-override  no-lazyload\" title=\"YouTube player\"  allow=\"fullscreen; accelerometer; autoplay; clipboard-write; encrypted-media; gyroscope; picture-in-picture; web-share\" referrerpolicy=\"strict-origin-when-cross-origin\" allowfullscreen data-no-lazy=\"1\" data-skipgform_ajax_framebjll=\"\"><\/iframe>\n<\/div><\/figure>\n\n\n<div class=\"wp-block-image\">\n<figure class=\"aligncenter size-large is-resized\"><a href=\"https:\/\/cerclecondorcet42.blogs.assoligue.org\/wp-content\/uploads\/sites\/6\/2025\/10\/LOGO-120-ans-laicite-1.png\"><img loading=\"lazy\" decoding=\"async\" width=\"1024\" height=\"980\" src=\"https:\/\/cerclecondorcet42.blogs.assoligue.org\/wp-content\/uploads\/sites\/6\/2025\/10\/LOGO-120-ans-laicite-1-1024x980.png\" alt=\"\" class=\"wp-image-1791\" style=\"width:237px;height:auto\" srcset=\"https:\/\/cerclecondorcet42.blogs.assoligue.org\/wp-content\/uploads\/sites\/6\/2025\/10\/LOGO-120-ans-laicite-1-1024x980.png 1024w, https:\/\/cerclecondorcet42.blogs.assoligue.org\/wp-content\/uploads\/sites\/6\/2025\/10\/LOGO-120-ans-laicite-1-300x287.png 300w, https:\/\/cerclecondorcet42.blogs.assoligue.org\/wp-content\/uploads\/sites\/6\/2025\/10\/LOGO-120-ans-laicite-1-768x735.png 768w, https:\/\/cerclecondorcet42.blogs.assoligue.org\/wp-content\/uploads\/sites\/6\/2025\/10\/LOGO-120-ans-laicite-1-624x597.png 624w, https:\/\/cerclecondorcet42.blogs.assoligue.org\/wp-content\/uploads\/sites\/6\/2025\/10\/LOGO-120-ans-laicite-1.png 1207w\" sizes=\"auto, (max-width: 1024px) 100vw, 1024px\" \/><\/a><\/figure>\n<\/div>\n\n\n<p><\/p>\n","protected":false},"excerpt":{"rendered":"<p>Pr\u00e9sentation Le film reprend la plaidoirie que Richard Malka livra en 2020 au Tribunal de Paris lors du proc\u00e8s des auteurs de l\u2019attentat contre Charlie Hebdo le 7&nbsp;janvier 2015, au cours duquel 12&nbsp;personnes ont \u00e9t\u00e9 assassin\u00e9es.Richard Malka, avocat de la partie civile, se pr\u00e9pare \u00e0 un proc\u00e8s mouvement\u00e9. Au fil de sa plaidoirie, il retrace [&hellip;]<\/p>\n","protected":false},"author":3,"featured_media":0,"comment_status":"closed","ping_status":"closed","sticky":true,"template":"","format":"standard","meta":{"footnotes":""},"categories":[1,12,4],"tags":[],"class_list":["post-1786","post","type-post","status-publish","format-standard","hentry","category-actualite","category-films-soiree-debats","category-focus-conference"],"_links":{"self":[{"href":"https:\/\/cerclecondorcet42.blogs.assoligue.org\/index.php?rest_route=\/wp\/v2\/posts\/1786","targetHints":{"allow":["GET"]}}],"collection":[{"href":"https:\/\/cerclecondorcet42.blogs.assoligue.org\/index.php?rest_route=\/wp\/v2\/posts"}],"about":[{"href":"https:\/\/cerclecondorcet42.blogs.assoligue.org\/index.php?rest_route=\/wp\/v2\/types\/post"}],"author":[{"embeddable":true,"href":"https:\/\/cerclecondorcet42.blogs.assoligue.org\/index.php?rest_route=\/wp\/v2\/users\/3"}],"replies":[{"embeddable":true,"href":"https:\/\/cerclecondorcet42.blogs.assoligue.org\/index.php?rest_route=%2Fwp%2Fv2%2Fcomments&post=1786"}],"version-history":[{"count":5,"href":"https:\/\/cerclecondorcet42.blogs.assoligue.org\/index.php?rest_route=\/wp\/v2\/posts\/1786\/revisions"}],"predecessor-version":[{"id":1796,"href":"https:\/\/cerclecondorcet42.blogs.assoligue.org\/index.php?rest_route=\/wp\/v2\/posts\/1786\/revisions\/1796"}],"wp:attachment":[{"href":"https:\/\/cerclecondorcet42.blogs.assoligue.org\/index.php?rest_route=%2Fwp%2Fv2%2Fmedia&parent=1786"}],"wp:term":[{"taxonomy":"category","embeddable":true,"href":"https:\/\/cerclecondorcet42.blogs.assoligue.org\/index.php?rest_route=%2Fwp%2Fv2%2Fcategories&post=1786"},{"taxonomy":"post_tag","embeddable":true,"href":"https:\/\/cerclecondorcet42.blogs.assoligue.org\/index.php?rest_route=%2Fwp%2Fv2%2Ftags&post=1786"}],"curies":[{"name":"wp","href":"https:\/\/api.w.org\/{rel}","templated":true}]}}