{"id":1779,"date":"2025-10-24T16:18:22","date_gmt":"2025-10-24T15:18:22","guid":{"rendered":"https:\/\/cerclecondorcet42.blogs.assoligue.org\/?p=1779"},"modified":"2025-10-24T16:25:25","modified_gmt":"2025-10-24T15:25:25","slug":"1905-2025-fetons-120-ans-de-laicite","status":"publish","type":"post","link":"https:\/\/cerclecondorcet42.blogs.assoligue.org\/?p=1779","title":{"rendered":"1905-2025: f\u00eatons 120 ans de LA\u00cfCIT\u00c9 !"},"content":{"rendered":"\n<p class=\"has-text-align-left\">L\u2019ann\u00e9e 2025 marque l\u2019anniversaire des 120 ans de la loi de 1905, consid\u00e9r\u00e9 comme le texte fondateur de la la\u00efcit\u00e9.<br>Le Cercle Condorcet de Roanne se mobilise aux c\u00f4t\u00e9s de la Ligue de l&rsquo;enseignement42  pour promouvoir cet anniversaire: <br><br><strong><em>&#8230; sur Charlieu <\/em><\/strong><br>Anim\u00e9s par l\u2019attachement \u00e0 ce principe fondamental de notre r\u00e9publique, un collectif d\u2019acteurs associatifs sur le nord du d\u00e9partement (MJC et Amicale la\u00efque de Charlieu, Ligue de l\u2019enseignement, Cercle Condorcet de Roanne, Cin\u00e9ma Les Halles de Charlieu&#8230;) avec le partenariat de la m\u00e9diath\u00e8que de Charlieu et de la Libraire \u00ab\u00a0Le Carnet \u00e0 Spirales\u00a0\u00bb, a d\u00e9cid\u00e9 de c\u00e9l\u00e9brer cet anniversaire par la mise en place d\u2019un projet intitul\u00e9e \u00ab\u00a0VIVRE ENSEMBLE EN TOUTE\u2026 LA\u00cfCIT\u00c9\u00a0\u00bb.<br>Une programmation riche et diversifi\u00e9e d\u2019\u00e9v\u00e8nements culturels ouvert \u00e0 tous qui se d\u00e9rouleront \u00e0 Charlieu d&rsquo;octobre \u00e0 d\u00e9cembre, ainsi que des actions \u00e9ducatives en direction des \u00e9l\u00e8ves de l\u2019\u00e9cole publique de Charlieu et de leurs enseignants, mais \u00e9galement des \u00e9l\u00e8ves du lyc\u00e9e J\u00e9r\u00e9mie de la Rue&#8230;<br><strong><em>&#8230; \u00e0 Roanne<\/em><\/strong><br>Avec deux projections CIN\u00c9 D\u00c9BAT au Cin\u00e9ma Espace Renoir:<br><a href=\"https:\/\/monasso.laligue42.org\/gazette\/1592-cine-debat-dieu-peut-se-defendre-tout-seul-au-cinema-espace-renoir-roanne-6-10\">\u00ab Dieu peut se d\u00e9fendre tout seul\u00bb <\/a>le 6\/10 <br><a href=\"https:\/\/laicite.laligue.org\/2025\/09\/08\/laicite-liberte-egalite-fraternite-un-film-de-yannick-seguier\/\">\u00ab\u00a0La\u00efcit\u00e9, Libert\u00e9, \u00c9galit\u00e9, Fraternit\u00e9\u00a0\u00bb <\/a>le 03\/12<\/p>\n\n\n\n<figure class=\"wp-block-image size-large\"><a href=\"https:\/\/cerclecondorcet42.blogs.assoligue.org\/wp-content\/uploads\/sites\/6\/2025\/10\/1.png\"><img loading=\"lazy\" decoding=\"async\" width=\"724\" height=\"1024\" src=\"https:\/\/cerclecondorcet42.blogs.assoligue.org\/wp-content\/uploads\/sites\/6\/2025\/10\/1-724x1024.png\" alt=\"\" class=\"wp-image-1776\" srcset=\"https:\/\/cerclecondorcet42.blogs.assoligue.org\/wp-content\/uploads\/sites\/6\/2025\/10\/1-724x1024.png 724w, https:\/\/cerclecondorcet42.blogs.assoligue.org\/wp-content\/uploads\/sites\/6\/2025\/10\/1-212x300.png 212w, https:\/\/cerclecondorcet42.blogs.assoligue.org\/wp-content\/uploads\/sites\/6\/2025\/10\/1-768x1086.png 768w, https:\/\/cerclecondorcet42.blogs.assoligue.org\/wp-content\/uploads\/sites\/6\/2025\/10\/1-1086x1536.png 1086w, https:\/\/cerclecondorcet42.blogs.assoligue.org\/wp-content\/uploads\/sites\/6\/2025\/10\/1-624x883.png 624w, https:\/\/cerclecondorcet42.blogs.assoligue.org\/wp-content\/uploads\/sites\/6\/2025\/10\/1.png 1414w\" sizes=\"auto, (max-width: 724px) 100vw, 724px\" \/><\/a><\/figure>\n\n\n\n<figure class=\"wp-block-image size-large\"><a href=\"https:\/\/cerclecondorcet42.blogs.assoligue.org\/wp-content\/uploads\/sites\/6\/2025\/10\/1BIS.png\"><img loading=\"lazy\" decoding=\"async\" width=\"724\" height=\"1024\" src=\"https:\/\/cerclecondorcet42.blogs.assoligue.org\/wp-content\/uploads\/sites\/6\/2025\/10\/1BIS-724x1024.png\" alt=\"\" class=\"wp-image-1777\" srcset=\"https:\/\/cerclecondorcet42.blogs.assoligue.org\/wp-content\/uploads\/sites\/6\/2025\/10\/1BIS-724x1024.png 724w, https:\/\/cerclecondorcet42.blogs.assoligue.org\/wp-content\/uploads\/sites\/6\/2025\/10\/1BIS-212x300.png 212w, https:\/\/cerclecondorcet42.blogs.assoligue.org\/wp-content\/uploads\/sites\/6\/2025\/10\/1BIS-768x1086.png 768w, https:\/\/cerclecondorcet42.blogs.assoligue.org\/wp-content\/uploads\/sites\/6\/2025\/10\/1BIS-1086x1536.png 1086w, https:\/\/cerclecondorcet42.blogs.assoligue.org\/wp-content\/uploads\/sites\/6\/2025\/10\/1BIS-624x883.png 624w, https:\/\/cerclecondorcet42.blogs.assoligue.org\/wp-content\/uploads\/sites\/6\/2025\/10\/1BIS.png 1414w\" sizes=\"auto, (max-width: 724px) 100vw, 724px\" \/><\/a><\/figure>\n","protected":false},"excerpt":{"rendered":"<p>L\u2019ann\u00e9e 2025 marque l\u2019anniversaire des 120 ans de la loi de 1905, consid\u00e9r\u00e9 comme le texte fondateur de la la\u00efcit\u00e9.Le Cercle Condorcet de Roanne se mobilise aux c\u00f4t\u00e9s de la Ligue de l&rsquo;enseignement42 pour promouvoir cet anniversaire: &#8230; sur Charlieu Anim\u00e9s par l\u2019attachement \u00e0 ce principe fondamental de notre r\u00e9publique, un collectif d\u2019acteurs associatifs sur [&hellip;]<\/p>\n","protected":false},"author":3,"featured_media":0,"comment_status":"closed","ping_status":"closed","sticky":true,"template":"","format":"standard","meta":{"footnotes":""},"categories":[1],"tags":[],"class_list":["post-1779","post","type-post","status-publish","format-standard","hentry","category-actualite"],"_links":{"self":[{"href":"https:\/\/cerclecondorcet42.blogs.assoligue.org\/index.php?rest_route=\/wp\/v2\/posts\/1779","targetHints":{"allow":["GET"]}}],"collection":[{"href":"https:\/\/cerclecondorcet42.blogs.assoligue.org\/index.php?rest_route=\/wp\/v2\/posts"}],"about":[{"href":"https:\/\/cerclecondorcet42.blogs.assoligue.org\/index.php?rest_route=\/wp\/v2\/types\/post"}],"author":[{"embeddable":true,"href":"https:\/\/cerclecondorcet42.blogs.assoligue.org\/index.php?rest_route=\/wp\/v2\/users\/3"}],"replies":[{"embeddable":true,"href":"https:\/\/cerclecondorcet42.blogs.assoligue.org\/index.php?rest_route=%2Fwp%2Fv2%2Fcomments&post=1779"}],"version-history":[{"count":4,"href":"https:\/\/cerclecondorcet42.blogs.assoligue.org\/index.php?rest_route=\/wp\/v2\/posts\/1779\/revisions"}],"predecessor-version":[{"id":1785,"href":"https:\/\/cerclecondorcet42.blogs.assoligue.org\/index.php?rest_route=\/wp\/v2\/posts\/1779\/revisions\/1785"}],"wp:attachment":[{"href":"https:\/\/cerclecondorcet42.blogs.assoligue.org\/index.php?rest_route=%2Fwp%2Fv2%2Fmedia&parent=1779"}],"wp:term":[{"taxonomy":"category","embeddable":true,"href":"https:\/\/cerclecondorcet42.blogs.assoligue.org\/index.php?rest_route=%2Fwp%2Fv2%2Fcategories&post=1779"},{"taxonomy":"post_tag","embeddable":true,"href":"https:\/\/cerclecondorcet42.blogs.assoligue.org\/index.php?rest_route=%2Fwp%2Fv2%2Ftags&post=1779"}],"curies":[{"name":"wp","href":"https:\/\/api.w.org\/{rel}","templated":true}]}}